{"id":7780,"date":"2020-03-05T12:40:03","date_gmt":"2020-03-05T11:40:03","guid":{"rendered":"http:\/\/wp.colordruck.net\/2021\/05\/05\/une-formation-continue-reussie-fabienne-finkbeiner\/"},"modified":"2021-05-05T12:40:35","modified_gmt":"2021-05-05T10:40:35","slug":"une-formation-continue-reussie-fabienne-finkbeiner","status":"publish","type":"post","link":"https:\/\/www.colordruck.net\/fr\/2020\/03\/05\/une-formation-continue-reussie-fabienne-finkbeiner\/","title":{"rendered":"Une formation continue r\u00e9ussie | Fabienne Finkbeiner"},"content":{"rendered":"<div class=\"fusion-fullwidth fullwidth-box fusion-builder-row-1 fusion-flex-container nonhundred-percent-fullwidth non-hundred-percent-height-scrolling\" style=\"--awb-border-radius-top-left:0px;--awb-border-radius-top-right:0px;--awb-border-radius-bottom-right:0px;--awb-border-radius-bottom-left:0px;--awb-flex-wrap:wrap;\" ><div class=\"fusion-builder-row fusion-row fusion-flex-align-items-flex-start fusion-flex-content-wrap\" style=\"max-width:1248px;margin-left: calc(-4% \/ 2 );margin-right: calc(-4% \/ 2 );\"><div class=\"fusion-layout-column fusion_builder_column fusion-builder-column-0 fusion_builder_column_1_1 1_1 fusion-flex-column\" style=\"--awb-bg-size:cover;--awb-width-large:100%;--awb-margin-top-large:20px;--awb-spacing-right-large:1.92%;--awb-margin-bottom-large:20px;--awb-spacing-left-large:1.92%;--awb-width-medium:100%;--awb-order-medium:0;--awb-spacing-right-medium:1.92%;--awb-spacing-left-medium:1.92%;--awb-width-small:100%;--awb-order-small:0;--awb-spacing-right-small:1.92%;--awb-spacing-left-small:1.92%;\"><div class=\"fusion-column-wrapper fusion-column-has-shadow fusion-flex-justify-content-flex-start fusion-content-layout-column\"><div class=\"fusion-text fusion-text-1\"><p style=\"text-align: justify;\">Formation compl\u00e9mentaire en tant que sp\u00e9cialiste industriel certifi\u00e9 (IHK) termin\u00e9e.<\/p>\n<p style=\"text-align: justify;\">Fabienne Finkbeiner a termin\u00e9 sa formation d&#8217;employ\u00e9e industrielle au colordruck Baiersbronn en 2017 avec la meilleure r\u00e9compense de la CCI et travaille depuis dans la comptabilit\u00e9 et comme assistante de direction. Gr\u00e2ce \u00e0 sa formation continue r\u00e9ussie en tant que sp\u00e9cialiste industrielle certifi\u00e9e (IHK), Mme Finkbeiner a pris la responsabilit\u00e9 interne du d\u00e9partement de contr\u00f4le de gestion.<\/p>\n<p style=\"text-align: justify;\">Le colordruck Baiersbronn f\u00e9licite Mme Finkbeiner et se r\u00e9jouit qu&rsquo;elle ait pu s&rsquo;ouvrir \u00e0 de nouvelles perspectives professionnelles.<\/p>\n<p style=\"text-align: justify;\">Nous lui souhaitons beaucoup de succ\u00e8s dans l&rsquo;accomplissement de ses t\u00e2ches exigeantes.<\/p>\n<\/div><\/div><\/div><\/div><\/div>\n","protected":false},"excerpt":{"rendered":"","protected":false},"author":3,"featured_media":7783,"comment_status":"open","ping_status":"open","sticky":false,"template":"","format":"standard","meta":{"footnotes":""},"categories":[],"tags":[],"class_list":["post-7780","post","type-post","status-publish","format-standard","has-post-thumbnail","hentry"],"_links":{"self":[{"href":"https:\/\/www.colordruck.net\/fr\/wp-json\/wp\/v2\/posts\/7780","targetHints":{"allow":["GET"]}}],"collection":[{"href":"https:\/\/www.colordruck.net\/fr\/wp-json\/wp\/v2\/posts"}],"about":[{"href":"https:\/\/www.colordruck.net\/fr\/wp-json\/wp\/v2\/types\/post"}],"author":[{"embeddable":true,"href":"https:\/\/www.colordruck.net\/fr\/wp-json\/wp\/v2\/users\/3"}],"replies":[{"embeddable":true,"href":"https:\/\/www.colordruck.net\/fr\/wp-json\/wp\/v2\/comments?post=7780"}],"version-history":[{"count":2,"href":"https:\/\/www.colordruck.net\/fr\/wp-json\/wp\/v2\/posts\/7780\/revisions"}],"predecessor-version":[{"id":7782,"href":"https:\/\/www.colordruck.net\/fr\/wp-json\/wp\/v2\/posts\/7780\/revisions\/7782"}],"wp:featuredmedia":[{"embeddable":true,"href":"https:\/\/www.colordruck.net\/fr\/wp-json\/wp\/v2\/media\/7783"}],"wp:attachment":[{"href":"https:\/\/www.colordruck.net\/fr\/wp-json\/wp\/v2\/media?parent=7780"}],"wp:term":[{"taxonomy":"category","embeddable":true,"href":"https:\/\/www.colordruck.net\/fr\/wp-json\/wp\/v2\/categories?post=7780"},{"taxonomy":"post_tag","embeddable":true,"href":"https:\/\/www.colordruck.net\/fr\/wp-json\/wp\/v2\/tags?post=7780"}],"curies":[{"name":"wp","href":"https:\/\/api.w.org\/{rel}","templated":true}]}}