{"id":7590,"date":"2020-03-05T10:09:41","date_gmt":"2020-03-05T09:09:41","guid":{"rendered":"http:\/\/wp.colordruck.net\/2021\/05\/05\/emballages-tendance-pour-les-oeufs-de-paques-le-lapin-de-paques-et-autres\/"},"modified":"2021-05-05T10:22:26","modified_gmt":"2021-05-05T08:22:26","slug":"emballages-tendance-pour-les-oeufs-de-paques-le-lapin-de-paques-et-autres","status":"publish","type":"post","link":"https:\/\/www.colordruck.net\/fr\/2020\/03\/05\/emballages-tendance-pour-les-oeufs-de-paques-le-lapin-de-paques-et-autres\/","title":{"rendered":"Emballages tendance pour les \u0153ufs de P\u00e2ques, le lapin de P\u00e2ques et autres."},"content":{"rendered":"<div class=\"fusion-fullwidth fullwidth-box fusion-builder-row-1 fusion-flex-container nonhundred-percent-fullwidth non-hundred-percent-height-scrolling\" style=\"--awb-border-radius-top-left:0px;--awb-border-radius-top-right:0px;--awb-border-radius-bottom-right:0px;--awb-border-radius-bottom-left:0px;--awb-padding-top:0px;--awb-padding-bottom:0px;--awb-flex-wrap:wrap;\" ><div class=\"fusion-builder-row fusion-row fusion-flex-align-items-flex-start fusion-flex-justify-content-center fusion-flex-content-wrap\" style=\"max-width:1248px;margin-left: calc(-4% \/ 2 );margin-right: calc(-4% \/ 2 );\"><div class=\"fusion-layout-column fusion_builder_column fusion-builder-column-0 fusion_builder_column_1_1 1_1 fusion-flex-column\" style=\"--awb-padding-top:0px;--awb-padding-bottom:0px;--awb-bg-size:cover;--awb-width-large:100%;--awb-margin-top-large:20px;--awb-spacing-right-large:1.92%;--awb-margin-bottom-large:20px;--awb-spacing-left-large:1.92%;--awb-width-medium:100%;--awb-order-medium:0;--awb-spacing-right-medium:1.92%;--awb-spacing-left-medium:1.92%;--awb-width-small:100%;--awb-order-small:0;--awb-spacing-right-small:1.92%;--awb-spacing-left-small:1.92%;\"><div class=\"fusion-column-wrapper fusion-column-has-shadow fusion-flex-justify-content-flex-start fusion-content-layout-column\"><div class=\"fusion-text fusion-text-1\"><p style=\"text-align: justify;\">Les prairies brillent de verdure, les fleurs s\u2019\u00e9panouissent et les oiseaux chantent en harmonie joyeuse.\u00a0Au printemps, la nature s\u2019engage dans des prestations de premier ordre et se met enfin de nouveau \u00e0 la couleur.<br \/>\nApr\u00e8s la longue saison froide de l\u2019hiver, nous en avons tous assez de couleurs fonc\u00e9es et de d\u00e9corations hivernales.\u00a0Au printemps, et sp\u00e9cialement pour la f\u00eate de P\u00e2ques, nous nous laissons envo\u00fbter par nos id\u00e9es originales de d\u00e9coration et de cadeaux.<\/p>\n<\/div><div class=\"fusion-title title fusion-title-1 fusion-sep-none fusion-title-text fusion-title-size-three\"><h3 class=\"fusion-title-heading title-heading-left fusion-responsive-typography-calculated\" style=\"margin:0;--fontSize:36;line-height:1.3;\">P\u00e2ques &#8211; avec une l\u00e9gendaire coutume entre le christianisme et les lapins en chocolat<\/h3><\/div><div class=\"fusion-text fusion-text-2\"><p style=\"text-align: justify;\">Les coutumes traditionnelles autour de l\u2019\u0153uf de P\u00e2ques et du lapin de P\u00e2ques n\u2019ont pas &#8211; comme on le suppose souvent &#8211; un arri\u00e8re-plan religieux, mais proviennent plut\u00f4t de la symbolique pa\u00efenne du printemps et de la fertilit\u00e9. Dans de nombreux mythes, l\u2019\u0153uf \u00e9tait consid\u00e9r\u00e9 comme la source d\u2019une nouvelle vie et comme le symbole d\u2019un nouveau d\u00e9part. Le l\u00e9gendaire lapin de P\u00e2ques, qui peint et cache les \u0153ufs de P\u00e2ques, \u00e9voque d\u2019innombrables mythes. La coutume de colorer les \u0153ufs avant P\u00e2ques est tout simplement due au fait qu\u2019il \u00e9tait interdit de manger des \u0153ufs pendant la p\u00e9riode de car\u00eame pendant de nombreuses ann\u00e9es. Le surplus est devenu la tradition de la couleur, de la dissimulation, de la consommation ou m\u00eame de la d\u00e9coration cr\u00e9ative. Les \u0153ufs ont \u00e9t\u00e9 peints \u00e0 l\u2019origine pour distinguer les \u0153ufs coiff\u00e9s des \u0153ufs non coiff\u00e9s. Selon la tradition, l\u2019\u0153uf de P\u00e2ques classique \u00e9tait d\u00e9j\u00e0 peint en rouge au premier si\u00e8cle apr\u00e8s le Christ &#8211; rouge comme couleur de la vie et de la joie. La chasse aux \u0153ufs, aventureuse et moins religieuse, jouit elle-m\u00eame d\u2019une grande popularit\u00e9 aupr\u00e8s des jeunes et des moins jeunes depuis le XVIe si\u00e8cle.<\/p>\n<\/div><div class=\"fusion-title title fusion-title-2 fusion-sep-none fusion-title-text fusion-title-size-three\"><h3 class=\"fusion-title-heading title-heading-left fusion-responsive-typography-calculated\" style=\"margin:0;--fontSize:36;line-height:1.3;\">Emballages cadeaux originaux avec une touche personnelle<\/h3><\/div><div class=\"fusion-text fusion-text-3\"><p style=\"text-align: justify;\">Les cadeaux de P\u00e2ques et une d\u00e9coration festive font autant partie de P\u00e2ques que les \u0153ufs du lapin de P\u00e2ques. Les id\u00e9es de d\u00e9coration chaleureuses et les pr\u00e9sents de P\u00e2ques ne sont pas seulement une question de tradition, ils en font simplement partie et sont tr\u00e8s tendance.\u00a0La diversit\u00e9 des id\u00e9es de d\u00e9coration et d\u2019inspiration de P\u00e2ques printani\u00e8res est quasiment illimit\u00e9e.\u00a0En particulier, les emballages cadeaux aux notes particuli\u00e8rement personnelles sont de plus en plus appr\u00e9ci\u00e9s.\u00a0Dans notre boutique en ligne <u>www.designyourpackaging.fr<\/u>, nous proposons des emballages pour chaque branche et chaque occasion.\u00a0Personnalisables, avec un motif tendance ou une forme originale, nos emballages de qualit\u00e9 sup\u00e9rieure prouvent toujours leur caract\u00e8re et leur style personnels.<\/p>\n<\/div><div class=\"fusion-title title fusion-title-3 fusion-sep-none fusion-title-text fusion-title-size-three\"><h3 class=\"fusion-title-heading title-heading-left fusion-responsive-typography-calculated\" style=\"margin:0;--fontSize:36;line-height:1.3;\">Emballages cadeaux \u00e0 partir d\u20191 pi\u00e8ce<\/h3><\/div><div class=\"fusion-text fusion-text-4\"><p>Que ce soit une bo\u00eete pliante avec une feuille d\u00e9corative extravagante, un syst\u00e8me de fermeture en forme de rosette ou une \u00e9l\u00e9gante forme d\u2019oreiller bomb\u00e9e, nous accordons toujours la priorit\u00e9 \u00e0 la personnalit\u00e9 et \u00e0 l\u2019individualisation.\u00a0En outre, les emballages peuvent d\u00e9j\u00e0 \u00eatre command\u00e9s en ligne \u00e0 partir de 1 pi\u00e8ce.<\/p>\n<p><strong>Pensez d\u00e8s maintenant \u00e0 P\u00e2ques!<\/strong><\/p>\n<p>Vous trouverez de superbes emballages de P\u00e2ques sur <a href=\"http:\/\/www.designyourpackaging.fr\">www.designyourpackaging.fr<\/a><\/p>\n<\/div><\/div><\/div><\/div><\/div>\n","protected":false},"excerpt":{"rendered":"","protected":false},"author":3,"featured_media":7593,"comment_status":"open","ping_status":"open","sticky":false,"template":"","format":"standard","meta":{"footnotes":""},"categories":[112,113],"tags":[],"class_list":["post-7590","post","type-post","status-publish","format-standard","has-post-thumbnail","hentry","category-articles-de-blog","category-general"],"_links":{"self":[{"href":"https:\/\/www.colordruck.net\/fr\/wp-json\/wp\/v2\/posts\/7590","targetHints":{"allow":["GET"]}}],"collection":[{"href":"https:\/\/www.colordruck.net\/fr\/wp-json\/wp\/v2\/posts"}],"about":[{"href":"https:\/\/www.colordruck.net\/fr\/wp-json\/wp\/v2\/types\/post"}],"author":[{"embeddable":true,"href":"https:\/\/www.colordruck.net\/fr\/wp-json\/wp\/v2\/users\/3"}],"replies":[{"embeddable":true,"href":"https:\/\/www.colordruck.net\/fr\/wp-json\/wp\/v2\/comments?post=7590"}],"version-history":[{"count":2,"href":"https:\/\/www.colordruck.net\/fr\/wp-json\/wp\/v2\/posts\/7590\/revisions"}],"predecessor-version":[{"id":7592,"href":"https:\/\/www.colordruck.net\/fr\/wp-json\/wp\/v2\/posts\/7590\/revisions\/7592"}],"wp:featuredmedia":[{"embeddable":true,"href":"https:\/\/www.colordruck.net\/fr\/wp-json\/wp\/v2\/media\/7593"}],"wp:attachment":[{"href":"https:\/\/www.colordruck.net\/fr\/wp-json\/wp\/v2\/media?parent=7590"}],"wp:term":[{"taxonomy":"category","embeddable":true,"href":"https:\/\/www.colordruck.net\/fr\/wp-json\/wp\/v2\/categories?post=7590"},{"taxonomy":"post_tag","embeddable":true,"href":"https:\/\/www.colordruck.net\/fr\/wp-json\/wp\/v2\/tags?post=7590"}],"curies":[{"name":"wp","href":"https:\/\/api.w.org\/{rel}","templated":true}]}}